{"id":211,"date":"2026-09-04T08:12:23","date_gmt":"2026-09-04T08:12:23","guid":{"rendered":"https:\/\/pl.callie.com\/blog\/?p=211"},"modified":"2026-09-02T08:17:22","modified_gmt":"2026-09-02T08:17:22","slug":"poradnik-prezentowy-dziecko-urodziny-wrzesien","status":"publish","type":"post","link":"https:\/\/pl.callie.com\/blog\/2026\/09\/04\/poradnik-prezentowy-dziecko-urodziny-wrzesien\/","title":{"rendered":"Top 8 Oryginalnych Prezent\u00f3w Urodzinowych dla Dzieci Urodzonych we Wrze\u015bniu"},"content":{"rendered":"\n<p>Miesi\u0105c wrzesie\u0144 to w Polsce czas pe\u0142en wra\u017ce\u0144 i wyzwa\u0144 dla dzieci. To moment wielkiego powrotu do szko\u0142y (cz\u0119sto wyczekiwanego pierwszego dzwonka po dw\u00f3ch miesi\u0105cach d\u0142ugich letnich wakacji!), spotka\u0144 z r\u00f3wie\u015bnikami na przerwach, ale tak\u017ce \u0142agodne przej\u015bcie mi\u0119dzy beztrosk\u0105 lata a pierwszymi ch\u0142odami polskiej jesieni. \u015awi\u0119towanie urodzin w samym \u015brodku wrze\u015bnia wymaga zatem szczeg\u00f3lnej uwagi, aby ten wyj\u0105tkowy dzie\u0144 nie zosta\u0142 przy\u0107miony przez gor\u0105czkowe odrabianie prac domowych i nowy plan zaj\u0119\u0107.<\/p>\n\n<p>Dzieci urodzone we wrze\u015bniu s\u0105 zazwyczaj spod znaku Panny (do 22 wrze\u015bnia) lub Wagi (od 23 wrze\u015bnia). Ma\u0142e Panny s\u0105 z natury ciekawe \u015bwiata, skrupulatne i uwielbiaj\u0105 si\u0119 uczy\u0107. Z kolei dzieci spod znaku Wagi to prawdziwi mali esteci, kt\u00f3rzy ceni\u0105 harmoni\u0119, \u0142agodno\u015b\u0107 i pi\u0119kno. Aby pom\u00f3c Ci trafi\u0107 w dziesi\u0105tk\u0119, wybrali\u015bmy 8 pomys\u0142\u00f3w na spersonalizowane prezenty, dostosowane do ka\u017cdej grupy wiekowej i osobowo\u015bci, kt\u00f3re wywo\u0142aj\u0105 b\u0142ysk w oku u ch\u0142opc\u00f3w i dziewczynek.<\/p>\n\n<div id=\"ez-toc-container\" class=\"ez-toc-v2_0_71 counter-hierarchy ez-toc-counter ez-toc-grey ez-toc-container-direction\">\n<div class=\"ez-toc-title-container\">\n<p class=\"ez-toc-title\" style=\"cursor:inherit\">Table of Contents<\/p>\n<span class=\"ez-toc-title-toggle\"><a href=\"#\" class=\"ez-toc-pull-right ez-toc-btn ez-toc-btn-xs ez-toc-btn-default ez-toc-toggle\" aria-label=\"Toggle Table of Content\"><span class=\"ez-toc-js-icon-con\"><span class=\"\"><span class=\"eztoc-hide\" style=\"display:none;\">Toggle<\/span><span class=\"ez-toc-icon-toggle-span\"><svg style=\"fill: #999;color:#999\" xmlns=\"http:\/\/www.w3.org\/2000\/svg\" class=\"list-377408\" width=\"20px\" height=\"20px\" viewBox=\"0 0 24 24\" fill=\"none\"><path d=\"M6 6H4v2h2V6zm14 0H8v2h12V6zM4 11h2v2H4v-2zm16 0H8v2h12v-2zM4 16h2v2H4v-2zm16 0H8v2h12v-2z\" fill=\"currentColor\"><\/path><\/svg><svg style=\"fill: #999;color:#999\" class=\"arrow-unsorted-368013\" xmlns=\"http:\/\/www.w3.org\/2000\/svg\" width=\"10px\" height=\"10px\" viewBox=\"0 0 24 24\" version=\"1.2\" baseProfile=\"tiny\"><path d=\"M18.2 9.3l-6.2-6.3-6.2 6.3c-.2.2-.3.4-.3.7s.1.5.3.7c.2.2.4.3.7.3h11c.3 0 .5-.1.7-.3.2-.2.3-.5.3-.7s-.1-.5-.3-.7zM5.8 14.7l6.2 6.3 6.2-6.3c.2-.2.3-.5.3-.7s-.1-.5-.3-.7c-.2-.2-.4-.3-.7-.3h-11c-.3 0-.5.1-.7.3-.2.2-.3.5-.3.7s.1.5.3.7z\"\/><\/svg><\/span><\/span><\/span><\/a><\/span><\/div>\n<nav><ul class='ez-toc-list ez-toc-list-level-1 ' ><li class='ez-toc-page-1 ez-toc-heading-level-2'><a class=\"ez-toc-link ez-toc-heading-1\" href=\"https:\/\/pl.callie.com\/blog\/2026\/09\/04\/poradnik-prezentowy-dziecko-urodziny-wrzesien\/#1_Personalizowana_tablica_do_nauki_pisania_z_uroczymi_zwierzatkami_z_kreskowek_i_imieniem_dziecka\" title=\"1. Personalizowana tablica do nauki pisania z uroczymi zwierz\u0105tkami z kresk\u00f3wek i imieniem dziecka\">1. Personalizowana tablica do nauki pisania z uroczymi zwierz\u0105tkami z kresk\u00f3wek i imieniem dziecka<\/a><\/li><li class='ez-toc-page-1 ez-toc-heading-level-2'><a class=\"ez-toc-link ez-toc-heading-2\" href=\"https:\/\/pl.callie.com\/blog\/2026\/09\/04\/poradnik-prezentowy-dziecko-urodziny-wrzesien\/#2_Personalizowana_pluszowa_zabawka_%E2%80%9CKroliczek-mis_z_urocza_kokardka%E2%80%9D_z_imieniem_i_inicjalem\" title=\"2. Personalizowana pluszowa zabawka &#8220;Kr\u00f3liczek-mi\u015b z urocz\u0105 kokardk\u0105&#8221; z imieniem i inicja\u0142em\">2. Personalizowana pluszowa zabawka &#8220;Kr\u00f3liczek-mi\u015b z urocz\u0105 kokardk\u0105&#8221; z imieniem i inicja\u0142em<\/a><\/li><li class='ez-toc-page-1 ez-toc-heading-level-2'><a class=\"ez-toc-link ez-toc-heading-3\" href=\"https:\/\/pl.callie.com\/blog\/2026\/09\/04\/poradnik-prezentowy-dziecko-urodziny-wrzesien\/#3_Personalizowane_drewniane_puzzle_z_grawerowanym_tekstem\" title=\"3. Personalizowane drewniane puzzle z grawerowanym tekstem\">3. Personalizowane drewniane puzzle z grawerowanym tekstem<\/a><\/li><li class='ez-toc-page-1 ez-toc-heading-level-2'><a class=\"ez-toc-link ez-toc-heading-4\" href=\"https:\/\/pl.callie.com\/blog\/2026\/09\/04\/poradnik-prezentowy-dziecko-urodziny-wrzesien\/#4_Przytulny_personalizowany_koc_z_efektem_3D_aniolek_z_kreskowki_zdjecie_dziecka_i_imie\" title=\"4. Przytulny personalizowany koc z efektem 3D: anio\u0142ek z kresk\u00f3wki, zdj\u0119cie dziecka i imi\u0119\">4. Przytulny personalizowany koc z efektem 3D: anio\u0142ek z kresk\u00f3wki, zdj\u0119cie dziecka i imi\u0119<\/a><\/li><li class='ez-toc-page-1 ez-toc-heading-level-2'><a class=\"ez-toc-link ez-toc-heading-5\" href=\"https:\/\/pl.callie.com\/blog\/2026\/09\/04\/poradnik-prezentowy-dziecko-urodziny-wrzesien\/#5_Delikatny_personalizowany_naszyjnik_ze_zwierzakiem_kwiatem_urodzeniowym_i_kamieniem_narodzin\" title=\"5. Delikatny personalizowany naszyjnik ze zwierzakiem, kwiatem urodzeniowym i kamieniem narodzin\">5. Delikatny personalizowany naszyjnik ze zwierzakiem, kwiatem urodzeniowym i kamieniem narodzin<\/a><\/li><li class='ez-toc-page-1 ez-toc-heading-level-2'><a class=\"ez-toc-link ez-toc-heading-6\" href=\"https:\/\/pl.callie.com\/blog\/2026\/09\/04\/poradnik-prezentowy-dziecko-urodziny-wrzesien\/#6_Personalizowana_szkatulka_na_bizuterie_ze_skory_PU_%E2%80%9CWrozka_Kwiatow_Urodzeniowych%E2%80%9D_z_podswietlanym_lusterkiem_LED\" title=\"6. Personalizowana szkatu\u0142ka na bi\u017cuteri\u0119 ze sk\u00f3ry PU &#8220;Wr\u00f3\u017cka Kwiat\u00f3w Urodzeniowych&#8221; z pod\u015bwietlanym lusterkiem LED\">6. Personalizowana szkatu\u0142ka na bi\u017cuteri\u0119 ze sk\u00f3ry PU &#8220;Wr\u00f3\u017cka Kwiat\u00f3w Urodzeniowych&#8221; z pod\u015bwietlanym lusterkiem LED<\/a><\/li><li class='ez-toc-page-1 ez-toc-heading-level-2'><a class=\"ez-toc-link ez-toc-heading-7\" href=\"https:\/\/pl.callie.com\/blog\/2026\/09\/04\/poradnik-prezentowy-dziecko-urodziny-wrzesien\/#7_Personalizowany_naszyjnik_z_wygrawerowanymi_imionami_%E2%80%93_Rodzina_Niedzwiadkow\" title=\"7. Personalizowany naszyjnik z wygrawerowanymi imionami &#8211; Rodzina Nied\u017awiadk\u00f3w\">7. Personalizowany naszyjnik z wygrawerowanymi imionami &#8211; Rodzina Nied\u017awiadk\u00f3w<\/a><\/li><li class='ez-toc-page-1 ez-toc-heading-level-2'><a class=\"ez-toc-link ez-toc-heading-8\" href=\"https:\/\/pl.callie.com\/blog\/2026\/09\/04\/poradnik-prezentowy-dziecko-urodziny-wrzesien\/#8_Akrylowa_lampka_nocna_LED_personalizowana_z_imieniem_i_zdjeciem_%E2%80%93_Styl_animowany\" title=\"8. Akrylowa lampka nocna LED personalizowana z imieniem i zdj\u0119ciem &#8211; Styl animowany\">8. Akrylowa lampka nocna LED personalizowana z imieniem i zdj\u0119ciem &#8211; Styl animowany<\/a><\/li><li class='ez-toc-page-1 ez-toc-heading-level-2'><a class=\"ez-toc-link ez-toc-heading-9\" href=\"https:\/\/pl.callie.com\/blog\/2026\/09\/04\/poradnik-prezentowy-dziecko-urodziny-wrzesien\/#Czesto_Zadawane_Pytania_FAQ_Prezenty_Urodzinowe_dla_Dzieci_we_Wrzesniu\" title=\"Cz\u0119sto Zadawane Pytania (FAQ): Prezenty Urodzinowe dla Dzieci we Wrze\u015bniu\">Cz\u0119sto Zadawane Pytania (FAQ): Prezenty Urodzinowe dla Dzieci we Wrze\u015bniu<\/a><ul class='ez-toc-list-level-3' ><li class='ez-toc-heading-level-3'><a class=\"ez-toc-link ez-toc-heading-10\" href=\"https:\/\/pl.callie.com\/blog\/2026\/09\/04\/poradnik-prezentowy-dziecko-urodziny-wrzesien\/#1_Jakie_cechy_charakteru_wyrozniaja_dzieci_urodzone_we_wrzesniu\" title=\"1. Jakie cechy charakteru wyr\u00f3\u017cniaj\u0105 dzieci urodzone we wrze\u015bniu?\">1. Jakie cechy charakteru wyr\u00f3\u017cniaj\u0105 dzieci urodzone we wrze\u015bniu?<\/a><\/li><li class='ez-toc-page-1 ez-toc-heading-level-3'><a class=\"ez-toc-link ez-toc-heading-11\" href=\"https:\/\/pl.callie.com\/blog\/2026\/09\/04\/poradnik-prezentowy-dziecko-urodziny-wrzesien\/#2_Dlaczego_warto_podarowac_dziecku_personalizowany_prezent\" title=\"2. Dlaczego warto podarowa\u0107 dziecku personalizowany prezent?\">2. Dlaczego warto podarowa\u0107 dziecku personalizowany prezent?<\/a><\/li><li class='ez-toc-page-1 ez-toc-heading-level-3'><a class=\"ez-toc-link ez-toc-heading-12\" href=\"https:\/\/pl.callie.com\/blog\/2026\/09\/04\/poradnik-prezentowy-dziecko-urodziny-wrzesien\/#3_Jak_wybrac_prezent_edukacyjny_ktory_nie_znudzi_dziecka\" title=\"3. Jak wybra\u0107 prezent edukacyjny, kt\u00f3ry nie znudzi dziecka?\">3. Jak wybra\u0107 prezent edukacyjny, kt\u00f3ry nie znudzi dziecka?<\/a><\/li><li class='ez-toc-page-1 ez-toc-heading-level-3'><a class=\"ez-toc-link ez-toc-heading-13\" href=\"https:\/\/pl.callie.com\/blog\/2026\/09\/04\/poradnik-prezentowy-dziecko-urodziny-wrzesien\/#4_Jaki_prezent_sprawdzi_sie_u_dziecka_ktore_stresuje_sie_powrotem_do_szkoly_we_wrzesniu\" title=\"4. Jaki prezent sprawdzi si\u0119 u dziecka, kt\u00f3re stresuje si\u0119 powrotem do szko\u0142y we wrze\u015bniu?\">4. Jaki prezent sprawdzi si\u0119 u dziecka, kt\u00f3re stresuje si\u0119 powrotem do szko\u0142y we wrze\u015bniu?<\/a><\/li><li class='ez-toc-page-1 ez-toc-heading-level-3'><a class=\"ez-toc-link ez-toc-heading-14\" href=\"https:\/\/pl.callie.com\/blog\/2026\/09\/04\/poradnik-prezentowy-dziecko-urodziny-wrzesien\/#5_Od_jakiego_wieku_mozna_wreczyc_dziecku_podswietlana_szkatulke_na_bizuterie\" title=\"5. Od jakiego wieku mo\u017cna wr\u0119czy\u0107 dziecku pod\u015bwietlan\u0105 szkatu\u0142k\u0119 na bi\u017cuteri\u0119?\">5. Od jakiego wieku mo\u017cna wr\u0119czy\u0107 dziecku pod\u015bwietlan\u0105 szkatu\u0142k\u0119 na bi\u017cuteri\u0119?<\/a><\/li><li class='ez-toc-page-1 ez-toc-heading-level-3'><a class=\"ez-toc-link ez-toc-heading-15\" href=\"https:\/\/pl.callie.com\/blog\/2026\/09\/04\/poradnik-prezentowy-dziecko-urodziny-wrzesien\/#6_Jaki_jest_czas_dostawy_dla_spersonalizowanych_akcesoriow_na_zamowienie\" title=\"6. Jaki jest czas dostawy dla spersonalizowanych akcesori\u00f3w na zam\u00f3wienie?\">6. Jaki jest czas dostawy dla spersonalizowanych akcesori\u00f3w na zam\u00f3wienie?<\/a><\/li><\/ul><\/li><\/ul><\/nav><\/div>\n<h2><span class=\"ez-toc-section\" id=\"1_Personalizowana_tablica_do_nauki_pisania_z_uroczymi_zwierzatkami_z_kreskowek_i_imieniem_dziecka\"><\/span>1. Personalizowana tablica do nauki pisania z uroczymi zwierz\u0105tkami z kresk\u00f3wek i imieniem dziecka<span class=\"ez-toc-section-end\"><\/span><\/h2>\n<p>Dla ma\u0142ych dzieci (w wieku od 3 do 6 lat), kt\u00f3re stawiaj\u0105 swoje pierwsze kroki w przedszkolu lub zer\u00f3wce, nauka pisania to fascynuj\u0105ca przygoda. Ta <a href=\"https:\/\/pl.callie.com\/personalized-cute-cartoon-animal-tracing-board-with-name-classroom-back-to-school-gift-for-kids-students\" target=\"_blank\" rel=\"noopener\">personalizowana tablica do rysowania i pisania dla dzieci<\/a> to edukacyjny prezent par excellence. Ma\u0142e Panny, znane ze swojej pilnej i pracowitej natury, pokochaj\u0105 \u0107wiczenie pisania literek w\u0142asnego imienia po \u015bladzie. To zabawne narz\u0119dzie, kt\u00f3re idealnie wpisuje si\u0119 w edukacyjny rytm wrze\u015bnia, a przyjazne zwierz\u0105tka skutecznie przykuj\u0105 dzieci\u0119c\u0105 uwag\u0119.<\/p>\n<div style=\"display: flex; flex-wrap: wrap; gap: 4%; justify-content: space-between; margin-bottom: 30px;\">\n    <a href=\"https:\/\/pl.callie.com\/personalized-cute-cartoon-animal-tracing-board-with-name-classroom-back-to-school-gift-for-kids-students\" target=\"_blank\" style=\"flex: 1; min-width: 45%;\" rel=\"noopener\">\n        <img decoding=\"async\" src=\"https:\/\/d3ouql8tmwncoe.cloudfront.net\/uploads\/20260818\/331f3ce8e96548938d77bec6407624b4.png?d=1000\" style=\"width: 100%; height: auto; border-radius: 8px; object-fit: cover;\" alt=\"Personalizowana tablica edukacyjna do nauki pisania\">\n    <\/a>\n    <a href=\"https:\/\/pl.callie.com\/personalized-cute-cartoon-animal-tracing-board-with-name-classroom-back-to-school-gift-for-kids-students\" target=\"_blank\" style=\"flex: 1; min-width: 45%;\" rel=\"noopener\">\n        <img decoding=\"async\" src=\"https:\/\/d3ouql8tmwncoe.cloudfront.net\/uploads\/20260818\/21b639ac0ab1a2028653480d917ed5bc.png?d=1000\" style=\"width: 100%; height: auto; border-radius: 8px; object-fit: cover;\" alt=\"Tablica z uroczymi zwierz\u0105tkami do rysowania\">\n    <\/a>\n<\/div>\n\n<h2><span class=\"ez-toc-section\" id=\"2_Personalizowana_pluszowa_zabawka_%E2%80%9CKroliczek-mis_z_urocza_kokardka%E2%80%9D_z_imieniem_i_inicjalem\"><\/span>2. Personalizowana pluszowa zabawka &#8220;Kr\u00f3liczek-mi\u015b z urocz\u0105 kokardk\u0105&#8221; z imieniem i inicja\u0142em<span class=\"ez-toc-section-end\"><\/span><\/h2>\n<p>Powr\u00f3t do przedszkola lub \u017c\u0142obka bywa dla maluch\u00f3w \u017ar\u00f3d\u0142em stresu. W przypadku niemowl\u0105t i ma\u0142ych dzieci do 4. roku \u017cycia nowy, pocieszaj\u0105cy pluszowy przyjaciel potrafi zdzia\u0142a\u0107 cuda. Podaruj im tego <a href=\"https:\/\/pl.callie.com\/personalized-cute-bow-bunny-bear-plush-toy-with-name-and-initial-daily-use-birthday-gift-for-couple-kids\" target=\"_blank\" rel=\"noopener\">personalizowanego pluszowego kr\u00f3liczka z imieniem<\/a>. Dzieci spod znaku Wagi, kt\u00f3re maj\u0105 g\u0142\u0119bok\u0105 potrzeb\u0119 \u0142agodno\u015bci i harmonii, uczyni\u0105 z tej przytulanki swojego najlepszego sojusznika podczas pierwszych ch\u0142odnych wrze\u015bniowych nocy i drzemek w \u017c\u0142obku.<\/p>\n<div style=\"display: flex; flex-wrap: wrap; gap: 4%; justify-content: space-between; margin-bottom: 30px;\">\n    <a href=\"https:\/\/pl.callie.com\/personalized-cute-bow-bunny-bear-plush-toy-with-name-and-initial-daily-use-birthday-gift-for-couple-kids\" target=\"_blank\" style=\"flex: 1; min-width: 45%;\" rel=\"noopener\">\n        <img decoding=\"async\" src=\"https:\/\/d3ouql8tmwncoe.cloudfront.net\/uploads\/20260807\/aefa9029264ed8ca75087f12dbfd2520.png?d=1000\" style=\"width: 100%; height: auto; border-radius: 8px; object-fit: cover;\" alt=\"Personalizowany pluszak dla dziecka\">\n    <\/a>\n    <a href=\"https:\/\/pl.callie.com\/personalized-cute-bow-bunny-bear-plush-toy-with-name-and-initial-daily-use-birthday-gift-for-couple-kids\" target=\"_blank\" style=\"flex: 1; min-width: 45%;\" rel=\"noopener\">\n        <img decoding=\"async\" src=\"https:\/\/d3ouql8tmwncoe.cloudfront.net\/uploads\/20260807\/d82a550b141afc8cdf86c3f0907d8887.png?d=1000\" style=\"width: 100%; height: auto; border-radius: 8px; object-fit: cover;\" alt=\"Przytulanka mi\u015b z wygrawerowanym inicja\u0142em\">\n    <\/a>\n<\/div>\n\n<h2><span class=\"ez-toc-section\" id=\"3_Personalizowane_drewniane_puzzle_z_grawerowanym_tekstem\"><\/span>3. Personalizowane drewniane puzzle z grawerowanym tekstem<span class=\"ez-toc-section-end\"><\/span><\/h2>\n<p>Szukasz prezentu, kt\u00f3ry pobudzi intelekt 7-12 latka? Dzieci urodzone pod znakiem Panny cz\u0119sto posiadaj\u0105 wysoce rozwini\u0119ty zmys\u0142 analityczny i logiczny. Te <a href=\"https:\/\/pl.callie.com\/personalized-unique-wooden-engraved-daily-calendar-puzzle-with-text-desk-decoration-birthday-anniversary-gift-for-puzzle-lovers\" target=\"_blank\" rel=\"noopener\">personalizowane drewniane puzzle z tekstem<\/a> to wspania\u0142y pomys\u0142, by zaj\u0105\u0107 je z dala od ekran\u00f3w po powrocie ze szko\u0142y. Dzi\u0119ki wygrawerowanej wiadomo\u015bci z motywacj\u0105 do nauki, ten pi\u0119kny drewniany przedmiot stanie si\u0119 r\u00f3wnie\u017c \u015bliczn\u0105 dekoracj\u0105 na ich biurku przez ca\u0142y nadchodz\u0105cy rok szkolny.<\/p>\n<div style=\"display: flex; flex-wrap: wrap; gap: 4%; justify-content: space-between; margin-bottom: 30px;\">\n    <a href=\"https:\/\/pl.callie.com\/personalized-unique-wooden-engraved-daily-calendar-puzzle-with-text-desk-decoration-birthday-anniversary-gift-for-puzzle-lovers\" target=\"_blank\" style=\"flex: 1; min-width: 45%;\" rel=\"noopener\">\n        <img decoding=\"async\" src=\"https:\/\/d3ouql8tmwncoe.cloudfront.net\/uploads\/20240701\/70505fe53e2256d1f86573f773665090.jpg?d=1000\" style=\"width: 100%; height: auto; border-radius: 8px; object-fit: cover;\" alt=\"Personalizowane drewniane \u0142amig\u0142\u00f3wki\">\n    <\/a>\n    <a href=\"https:\/\/pl.callie.com\/personalized-unique-wooden-engraved-daily-calendar-puzzle-with-text-desk-decoration-birthday-anniversary-gift-for-puzzle-lovers\" target=\"_blank\" style=\"flex: 1; min-width: 45%;\" rel=\"noopener\">\n        <img decoding=\"async\" src=\"https:\/\/d3ouql8tmwncoe.cloudfront.net\/uploads\/20240701\/88d59dfa59563b878f0dc3fe50b98679.jpg?d=1000\" style=\"width: 100%; height: auto; border-radius: 8px; object-fit: cover;\" alt=\"Puzzle z grawerem na biurko\">\n    <\/a>\n<\/div>\n\n<h2><span class=\"ez-toc-section\" id=\"4_Przytulny_personalizowany_koc_z_efektem_3D_aniolek_z_kreskowki_zdjecie_dziecka_i_imie\"><\/span>4. Przytulny personalizowany koc z efektem 3D: anio\u0142ek z kresk\u00f3wki, zdj\u0119cie dziecka i imi\u0119<span class=\"ez-toc-section-end\"><\/span><\/h2>\n<p>Nadej\u015bcie jesieni pod koniec wrze\u015bnia oznacza w Polsce powr\u00f3t do przytulnych wieczor\u00f3w sp\u0119dzanych w domu. Dla ma\u0142ej dziewczynki w wieku od 4 do 10 lat, kt\u00f3ra uwielbia marzy\u0107 i wtula\u0107 si\u0119 w ciep\u0142y materia\u0142 podczas ogl\u0105dania ulubionych bajek, ten <a href=\"https:\/\/pl.callie.com\/personalized-3d-effect-artwork-fantasy-cartoon-angel-kid-photo-soft-throw-blanket-with-name-home-decor-baby-shower-birthday-gift-for-girls\" target=\"_blank\" rel=\"noopener\">mi\u0119kki personalizowany koc ze zdj\u0119ciem<\/a> b\u0119dzie magicznym podarunkiem. Tr\u00f3jwymiarowy motyw anio\u0142ka po\u0142\u0105czony z jej w\u0142asn\u0105 fotografi\u0105 sprawi, \u017ce poczuje si\u0119 wyj\u0105tkowo podczas nadchodz\u0105cych ch\u0142odnych wieczor\u00f3w.<\/p>\n<div style=\"display: flex; flex-wrap: wrap; gap: 4%; justify-content: space-between; margin-bottom: 30px;\">\n    <a href=\"https:\/\/pl.callie.com\/personalized-3d-effect-artwork-fantasy-cartoon-angel-kid-photo-soft-throw-blanket-with-name-home-decor-baby-shower-birthday-gift-for-girls\" target=\"_blank\" style=\"flex: 1; min-width: 45%;\" rel=\"noopener\">\n        <img decoding=\"async\" src=\"https:\/\/d3ouql8tmwncoe.cloudfront.net\/uploads\/20260824\/b0df8a8835e1111667ef43a578a19e2e.jpg?d=1000\" style=\"width: 100%; height: auto; border-radius: 8px; object-fit: cover;\" alt=\"Polarowy kocyk dla dziewczynki ze zdj\u0119ciem\">\n    <\/a>\n    <a href=\"https:\/\/pl.callie.com\/personalized-3d-effect-artwork-fantasy-cartoon-angel-kid-photo-soft-throw-blanket-with-name-home-decor-baby-shower-birthday-gift-for-girls\" target=\"_blank\" style=\"flex: 1; min-width: 45%;\" rel=\"noopener\">\n        <img decoding=\"async\" src=\"https:\/\/d3ouql8tmwncoe.cloudfront.net\/uploads\/20260824\/43b7d8fbbc321218e9e55723fe45df6f.jpg?d=1000\" style=\"width: 100%; height: auto; border-radius: 8px; object-fit: cover;\" alt=\"Koc 3D personalizowany anio\u0142 dla dziecka\">\n    <\/a>\n<\/div>\n\n<h2><span class=\"ez-toc-section\" id=\"5_Delikatny_personalizowany_naszyjnik_ze_zwierzakiem_kwiatem_urodzeniowym_i_kamieniem_narodzin\"><\/span>5. Delikatny personalizowany naszyjnik ze zwierzakiem, kwiatem urodzeniowym i kamieniem narodzin<span class=\"ez-toc-section-end\"><\/span><\/h2>\n<p>Pre-nastolatki (8-15 lat) cz\u0119sto zaczynaj\u0105 podkre\u015bla\u0107 sw\u00f3j w\u0142asny styl i interesowa\u0107 si\u0119 bi\u017cuteri\u0105 ze znaczeniem. Uczcij miesi\u0105c jej urodzin tym wspania\u0142ym <a href=\"https:\/\/pl.callie.com\/personalized-dainty-animal-companion-birth-flower-birthstone-necklace-with-text-birthday-gift-for-daughter-granddaughter\" target=\"_blank\" rel=\"noopener\">personalizowanym naszyjnikiem z kwiatem i kamieniem urodzeniowym<\/a>. We wrze\u015bniu przypisanym kwiatem jest Aster, a kamieniem Szafir. Subtelny dodatek sylwetki zwierzaka czyni t\u0119 bi\u017cuteri\u0119 wyj\u0105tkow\u0105 dla m\u0142odej Panny, kt\u00f3ra bardzo cz\u0119sto jest mi\u0142o\u015bniczk\u0105 zwierz\u0105t i natury.<\/p>\n<div style=\"display: flex; flex-wrap: wrap; gap: 4%; justify-content: space-between; margin-bottom: 30px;\">\n    <a href=\"https:\/\/pl.callie.com\/personalized-dainty-animal-companion-birth-flower-birthstone-necklace-with-text-birthday-gift-for-daughter-granddaughter\" target=\"_blank\" style=\"flex: 1; min-width: 45%;\" rel=\"noopener\">\n        <img decoding=\"async\" src=\"https:\/\/d3ouql8tmwncoe.cloudfront.net\/uploads\/20260825\/f9e9c3cc83f5d97a5cb5e9bc104e8f42.jpg?d=1000\" style=\"width: 100%; height: auto; border-radius: 8px; object-fit: cover;\" alt=\"Naszyjnik z wrze\u015bniowym kamieniem narodzin\">\n    <\/a>\n    <a href=\"https:\/\/pl.callie.com\/personalized-dainty-animal-companion-birth-flower-birthstone-necklace-with-text-birthday-gift-for-daughter-granddaughter\" target=\"_blank\" style=\"flex: 1; min-width: 45%;\" rel=\"noopener\">\n        <img decoding=\"async\" src=\"https:\/\/d3ouql8tmwncoe.cloudfront.net\/uploads\/20260825\/ca7ba4c178d4094792a5f1cb9912671a.jpg?d=1000\" style=\"width: 100%; height: auto; border-radius: 8px; object-fit: cover;\" alt=\"Bi\u017cuteria dla dzieci ze zwierzakiem i kwiatem\">\n    <\/a>\n<\/div>\n\n<h2><span class=\"ez-toc-section\" id=\"6_Personalizowana_szkatulka_na_bizuterie_ze_skory_PU_%E2%80%9CWrozka_Kwiatow_Urodzeniowych%E2%80%9D_z_podswietlanym_lusterkiem_LED\"><\/span>6. Personalizowana szkatu\u0142ka na bi\u017cuteri\u0119 ze sk\u00f3ry PU &#8220;Wr\u00f3\u017cka Kwiat\u00f3w Urodzeniowych&#8221; z pod\u015bwietlanym lusterkiem LED<span class=\"ez-toc-section-end\"><\/span><\/h2>\n<p>Dla eleganckiej dziewczynki od 6. do 12. roku \u017cycia, kt\u00f3ra zgromadzi\u0142a ju\u017c w\u0142asne skarby, organizacja staje si\u0119 kluczowa. Taka <a href=\"https:\/\/pl.callie.com\/personalized-birth-flower-fairy-pu-leather-jewelry-box-with-name-and-led-three-color-adjustable-makeup-mirror-birthday-gift-for-african-american-girls\" target=\"_blank\" rel=\"noopener\">personalizowana szkatu\u0142ka na bi\u017cuteri\u0119 z lusterkiem LED<\/a> to szczyt szyku do jej pokoju. Dziewczynki spod znaku Wagi, rz\u0105dzone przez Wenus, maj\u0105 wrodzony gust do pi\u0119kna, mody i uwielbiaj\u0105 si\u0119 stroi\u0107. To puzderko z ekosk\u00f3ry z motywem wr\u00f3\u017cki kwiatu urodzeniowego b\u0119dzie absolutnym hitem na jej urodzinowym przyj\u0119ciu.<\/p>\n<div style=\"display: flex; flex-wrap: wrap; gap: 4%; justify-content: space-between; margin-bottom: 30px;\">\n    <a href=\"https:\/\/pl.callie.com\/personalized-birth-flower-fairy-pu-leather-jewelry-box-with-name-and-led-three-color-adjustable-makeup-mirror-birthday-gift-for-african-american-girls\" target=\"_blank\" style=\"flex: 1; min-width: 45%;\" rel=\"noopener\">\n        <img decoding=\"async\" src=\"https:\/\/d3ouql8tmwncoe.cloudfront.net\/uploads\/20260811\/00451e4006ede58aa47cdfb9ad547cde.png?d=1000\" style=\"width: 100%; height: auto; border-radius: 8px; object-fit: cover;\" alt=\"Pude\u0142ko na bi\u017cuteri\u0119 dla dzieci z lusterkiem LED\">\n    <\/a>\n    <a href=\"https:\/\/pl.callie.com\/personalized-birth-flower-fairy-pu-leather-jewelry-box-with-name-and-led-three-color-adjustable-makeup-mirror-birthday-gift-for-african-american-girls\" target=\"_blank\" style=\"flex: 1; min-width: 45%;\" rel=\"noopener\">\n        <img decoding=\"async\" src=\"https:\/\/d3ouql8tmwncoe.cloudfront.net\/uploads\/20260811\/8a56adc60d668ccc871f2fb40ca704a3.png?d=1000\" style=\"width: 100%; height: auto; border-radius: 8px; object-fit: cover;\" alt=\"Szkatu\u0142ka dla dziewczynki personalizowana wr\u00f3\u017cka\">\n    <\/a>\n<\/div>\n\n<h2><span class=\"ez-toc-section\" id=\"7_Personalizowany_naszyjnik_z_wygrawerowanymi_imionami_%E2%80%93_Rodzina_Niedzwiadkow\"><\/span>7. Personalizowany naszyjnik z wygrawerowanymi imionami &#8211; Rodzina Nied\u017awiadk\u00f3w<span class=\"ez-toc-section-end\"><\/span><\/h2>\n<p>Wrze\u015bniowy powr\u00f3t do szko\u0142y to cz\u0119sto r\u00f3wnie\u017c codzienna roz\u0142\u0105ka z rodzicami po wsp\u00f3lnie sp\u0119dzonym lecie. Dla dziecka od 5. do 10. roku \u017cycia noszenie przy sobie mocnego symbolu domu bywa bardzo uspokajaj\u0105ce. Ten <a href=\"https:\/\/pl.callie.com\/personalized-papa-mama-bear-family-sterling-silver-necklace-with-baby-bears-and-engraved-names-love-heart-gift-for-parent-grandparent\" target=\"_blank\" rel=\"noopener\">personalizowany naszyjnik nied\u017awiedzia rodzina z imionami<\/a> jest czu\u0142ym przypomnieniem, \u017ce mi\u0142o\u015b\u0107 mamy i taty towarzyszy mu a\u017c do samej klasy. To pi\u0119kna bi\u017cuteria o uniwersalnym przes\u0142aniu, wzmacniaj\u0105ca wi\u0119zi po d\u0142ugich, letnich wakacjach.<\/p>\n<div style=\"display: flex; flex-wrap: wrap; gap: 4%; justify-content: space-between; margin-bottom: 30px;\">\n    <a href=\"https:\/\/pl.callie.com\/personalized-papa-mama-bear-family-sterling-silver-necklace-with-baby-bears-and-engraved-names-love-heart-gift-for-parent-grandparent\" target=\"_blank\" style=\"flex: 1; min-width: 45%;\" rel=\"noopener\">\n        <img decoding=\"async\" src=\"https:\/\/d3ouql8tmwncoe.cloudfront.net\/uploads\/20260420\/fe2df6b8a883a7cc6adc23870e7b8b6c.jpg?d=1000\" style=\"width: 100%; height: auto; border-radius: 8px; object-fit: cover;\" alt=\"Grawerowany naszyjnik nied\u017awiedzia rodzina\">\n    <\/a>\n    <a href=\"https:\/\/pl.callie.com\/personalized-papa-mama-bear-family-sterling-silver-necklace-with-baby-bears-and-engraved-names-love-heart-gift-for-parent-grandparent\" target=\"_blank\" style=\"flex: 1; min-width: 45%;\" rel=\"noopener\">\n        <img decoding=\"async\" src=\"https:\/\/d3ouql8tmwncoe.cloudfront.net\/uploads\/20240510\/f64e613a3d4546f6340c3777a4444ea5.jpg?d=1000\" style=\"width: 100%; height: auto; border-radius: 8px; object-fit: cover;\" alt=\"Wisiorek ma\u0142e nied\u017awiadki personalizowany\">\n    <\/a>\n<\/div>\n\n<h2><span class=\"ez-toc-section\" id=\"8_Akrylowa_lampka_nocna_LED_personalizowana_z_imieniem_i_zdjeciem_%E2%80%93_Styl_animowany\"><\/span>8. Akrylowa lampka nocna LED personalizowana z imieniem i zdj\u0119ciem &#8211; Styl animowany<span class=\"ez-toc-section-end\"><\/span><\/h2>\n<p>W miar\u0119 jak mija wrzesie\u0144, dni w Polsce nieuchronnie staj\u0105 si\u0119 coraz kr\u00f3tsze. Dla maluch\u00f3w w wieku 2-7 lat, kt\u00f3re bywaj\u0105 niespokojne w ciemno\u015bciach, \u0142agodne o\u015bwietlenie to podstawa pokoju dzieci\u0119cego. Ta <a href=\"https:\/\/pl.callie.com\/personalized-cartoon-photo-word-cloud-acrylic-led-night-light-with-name-and-wooden-base-nursery-room-decor-birthday-gift-for-kid\" target=\"_blank\" rel=\"noopener\">akrylowa lampka LED personalizowana imieniem i zdj\u0119ciem<\/a> bajkowo ozdobi stolik nocny ch\u0142opca lub dziewczynki. Widok w\u0142asnej buzi lub ulubionego bohatera z kresk\u00f3wki natychmiast przep\u0119dzi wszystkie &#8220;potwory z szafy&#8221; i zapewni spokojny sen, niezb\u0119dny po intensywnych dniach nauki i zabawy.<\/p>\n<div style=\"display: flex; flex-wrap: wrap; gap: 4%; justify-content: space-between; margin-bottom: 30px;\">\n    <a href=\"https:\/\/pl.callie.com\/personalized-cartoon-photo-word-cloud-acrylic-led-night-light-with-name-and-wooden-base-nursery-room-decor-birthday-gift-for-kid\" target=\"_blank\" style=\"flex: 1; min-width: 45%;\" rel=\"noopener\">\n        <img decoding=\"async\" src=\"https:\/\/d3ouql8tmwncoe.cloudfront.net\/uploads\/20260804\/63e8e5466a0c332fdb0740bf96699dca.png?d=1000\" style=\"width: 100%; height: auto; border-radius: 8px; object-fit: cover;\" alt=\"Dzieci\u0119ca lampka LED ze zdj\u0119ciem\">\n    <\/a>\n    <a href=\"https:\/\/pl.callie.com\/personalized-cartoon-photo-word-cloud-acrylic-led-night-light-with-name-and-wooden-base-nursery-room-decor-birthday-gift-for-kid\" target=\"_blank\" style=\"flex: 1; min-width: 45%;\" rel=\"noopener\">\n        <img decoding=\"async\" src=\"https:\/\/d3ouql8tmwncoe.cloudfront.net\/uploads\/20260804\/5be3455c2a6a4cdfbe2f210cdf11b612.png?d=1000\" style=\"width: 100%; height: auto; border-radius: 8px; object-fit: cover;\" alt=\"Personalizowana lampka nocna dla dziecka\">\n    <\/a>\n<\/div>\n\n<p>Znalezienie idealnego prezentu urodzinowego dla dziecka z wrze\u015bnia to umiej\u0119tno\u015b\u0107 \u0142\u0105czenia zabawy, estetyki i wsparcia, kt\u00f3rego dzieci bardzo potrzebuj\u0105 podczas powrotu do szkolnej rutyny. Spersonalizowany upominek u\u015bwiadamia mu, \u017ce jest dla nas kim\u015b absolutnie unikalnym!<\/p>\n\n<p>A tak przy okazji, je\u015bli wrzesie\u0144 w pe\u0142ni, a Ty zorientowa\u0142e\u015b si\u0119, \u017ce <strong>Twoje dziecko wci\u0105\u017c nie ma wszystkich niezb\u0119dnych rzeczy do szko\u0142y&#8230;<\/strong> Bez paniki!<br>\n\ud83d\udc49 Rozpocz\u0119cie roku szkolnego ju\u017c za nami, a Ty nie masz jeszcze wszystkiego przygotowanego? Przeczytaj koniecznie: <a href=\"https:\/\/pl.callie.com\/blog\/2026\/08\/13\/spersonalizowane-przybory-szkolne-na-rozpoczecie-roku\/\" target=\"_blank\" rel=\"noopener\">Niezb\u0119dne spersonalizowane przybory szkolne na nowy rok: plecaki, pi\u00f3rniki i wiele wi\u0119cej<\/a><\/p>\n\n<div class=\"faq-section\" style=\"margin-top: 40px; padding: 20px; background-color: #f9f9f9; border-radius: 8px;\">\n    <h2 style=\"text-align: center; margin-bottom: 20px;\"><span class=\"ez-toc-section\" id=\"Czesto_Zadawane_Pytania_FAQ_Prezenty_Urodzinowe_dla_Dzieci_we_Wrzesniu\"><\/span>Cz\u0119sto Zadawane Pytania (FAQ): Prezenty Urodzinowe dla Dzieci we Wrze\u015bniu<span class=\"ez-toc-section-end\"><\/span><\/h2>\n\n    <h3><span class=\"ez-toc-section\" id=\"1_Jakie_cechy_charakteru_wyrozniaja_dzieci_urodzone_we_wrzesniu\"><\/span>1. Jakie cechy charakteru wyr\u00f3\u017cniaj\u0105 dzieci urodzone we wrze\u015bniu?<span class=\"ez-toc-section-end\"><\/span><\/h3>\n    <p>Wed\u0142ug astrologii dziecko urodzone w tym miesi\u0105cu to zodiakalna Panna (do 22.09) lub Waga (od 23.09). Ma\u0142e Panny s\u0105 cz\u0119sto bardzo bystre, pragmatyczne i uwielbiaj\u0105 bada\u0107 otaczaj\u0105cy je \u015bwiat (w ich przypadku strza\u0142em w dziesi\u0105tk\u0119 b\u0119dzie \u0142amig\u0142\u00f3wka lub tablica edukacyjna). Z kolei Wagi bywaj\u0105 nies\u0142ychanie wra\u017cliwe, czaruj\u0105ce, wyczulone na \u0142agodno\u015b\u0107 (najlepiej sprawdzi si\u0119 u nich pi\u0119kna szkatu\u0142ka lub pluszak z imieniem).<\/p>\n\n    <h3><span class=\"ez-toc-section\" id=\"2_Dlaczego_warto_podarowac_dziecku_personalizowany_prezent\"><\/span>2. Dlaczego warto podarowa\u0107 dziecku personalizowany prezent?<span class=\"ez-toc-section-end\"><\/span><\/h3>\n    <p>Przedmiot ozdobiony imieniem, inicja\u0142ami lub wizerunkiem dziecka uczy je warto\u015bci i pomaga budowa\u0107 poczucie to\u017csamo\u015bci. Dodatkowo \u2013 nie ma co ukrywa\u0107 \u2013 w \u017c\u0142obku, w polskiej szkole czy w przedszkolu, personalizowane akcesoria (jak np. podpisany koc czy plecak) oznaczaj\u0105 znacznie mniejsze ryzyko zgubienia lub pomy\u0142ki!<\/p>\n\n    <h3><span class=\"ez-toc-section\" id=\"3_Jak_wybrac_prezent_edukacyjny_ktory_nie_znudzi_dziecka\"><\/span>3. Jak wybra\u0107 prezent edukacyjny, kt\u00f3ry nie znudzi dziecka?<span class=\"ez-toc-section-end\"><\/span><\/h3>\n    <p>Sekret tkwi w po\u0142\u0105czeniu po\u017cytecznego z zabaw\u0105 i ulubionymi postaciami. Tablica do nauki pisania wydaje si\u0119 o wiele bardziej zach\u0119caj\u0105ca, kiedy u\u015bmiechaj\u0105 si\u0119 z niej postacie z kresk\u00f3wek i w\u0142asne imi\u0119 ucznia. Drewniane puzzle szlifuj\u0105 za to logiczne my\u015blenie, b\u0119d\u0105c jednocze\u015bnie \u015bwietn\u0105 zabawk\u0105 manualn\u0105.<\/p>\n\n    <h3><span class=\"ez-toc-section\" id=\"4_Jaki_prezent_sprawdzi_sie_u_dziecka_ktore_stresuje_sie_powrotem_do_szkoly_we_wrzesniu\"><\/span>4. Jaki prezent sprawdzi si\u0119 u dziecka, kt\u00f3re stresuje si\u0119 powrotem do szko\u0142y we wrze\u015bniu?<span class=\"ez-toc-section-end\"><\/span><\/h3>\n    <p>Powr\u00f3t do szko\u0142y po d\u0142ugiej przerwie mo\u017ce rodzi\u0107 niepok\u00f3j. &#8220;Uspokajacze&#8221; w postaci misia-przytulanki, milutkiego fotokocyka z efektem 3D czy naszyjnika &#8220;Rodzina Nied\u017awiadk\u00f3w&#8221; dzia\u0142aj\u0105 jak cichy, bliski obiekt przypominaj\u0105cy o cieple rodzinnym, pomagaj\u0105c dziecku ukoi\u0107 nerwy pod nieobecno\u015b\u0107 rodzic\u00f3w.<\/p>\n\n    <h3><span class=\"ez-toc-section\" id=\"5_Od_jakiego_wieku_mozna_wreczyc_dziecku_podswietlana_szkatulke_na_bizuterie\"><\/span>5. Od jakiego wieku mo\u017cna wr\u0119czy\u0107 dziecku pod\u015bwietlan\u0105 szkatu\u0142k\u0119 na bi\u017cuteri\u0119?<span class=\"ez-toc-section-end\"><\/span><\/h3>\n    <p>Zazwyczaj dziewczynki zaczynaj\u0105 zbiera\u0107 swoje pierwsze \u015bwiec\u0105ce &#8220;skarby&#8221; i interesowa\u0107 si\u0119 kuferkami na bi\u017cuteri\u0119 w wieku oko\u0142o 6 lub 7 lat. Pude\u0142ko wyposa\u017cone w lusterko LED \u015bwietnie dopasuje si\u0119 w gusta tzw. pre-nastolatek (8-12 lat), lubi\u0105cych na\u015bladowa\u0107 mamy i strasze siostry przed lustrem.<\/p>\n\n    <h3><span class=\"ez-toc-section\" id=\"6_Jaki_jest_czas_dostawy_dla_spersonalizowanych_akcesoriow_na_zamowienie\"><\/span>6. Jaki jest czas dostawy dla spersonalizowanych akcesori\u00f3w na zam\u00f3wienie?<span class=\"ez-toc-section-end\"><\/span><\/h3>\n    <p>Poniewa\u017c ka\u017cdy taki produkt powstaje na specjalne \u017cyczenie klienta (mowa o grawerowaniu, tworzeniu lampki nocnej, druku 3D zdj\u0119cia), ca\u0142y proces produkcji musi potrwa\u0107. Rekomendujemy sk\u0142adanie zam\u00f3wie\u0144 przynajmniej z 10-15 dniowym wyprzedzeniem wzgl\u0119dem imprezy urodzinowej dziecka, by zagwarantowa\u0107 punktualn\u0105 wysy\u0142k\u0119 i dostaw\u0119 na czas.<\/p>\n<\/div>\n","protected":false},"excerpt":{"rendered":"<p>Miesi\u0105c wrzesie\u0144 to w Polsce czas pe\u0142en wra\u017ce\u0144 i wyzwa\u0144 dla dzieci. To moment wielkiego powrotu do szko\u0142y (cz\u0119sto wyczekiwanego pierwszego dzwonka po dw\u00f3ch miesi\u0105cach d\u0142ugich letnich wakacji!), spotka\u0144 z r\u00f3wie\u015bnikami na przerwach, ale tak\u017ce \u0142agodne przej\u015bcie mi\u0119dzy beztrosk\u0105 lata a pierwszymi ch\u0142odami polskiej jesieni. \u015awi\u0119towanie urodzin w samym \u015brodku wrze\u015bnia wymaga zatem szczeg\u00f3lnej uwagi, [&hellip;]<\/p>\n","protected":false},"author":4,"featured_media":212,"comment_status":"open","ping_status":"open","sticky":false,"template":"","format":"standard","meta":{"footnotes":""},"categories":[5],"tags":[27],"yoast_head":"<!-- This site is optimized with the Yoast SEO plugin v22.7 - https:\/\/yoast.com\/wordpress\/plugins\/seo\/ -->\n<title>Top 8 Oryginalnych Prezent\u00f3w Urodzinowych dla Dzieci Urodzonych we Wrze\u015bniu - Dziel si\u0119 pomys\u0142ami na prezenty i u\u0142atwiaj dawanie rado\u015bci \u2013 Blog Callie<\/title>\n<meta name=\"description\" content=\"\u015awi\u0119tuj urodziny swojego dziecka urodzonego we wrze\u015bniu z naszym przewodnikiem po 8 oryginalnych, personalizowanych prezentach. Idealne dla ma\u0142ych Panien i Wag w ka\u017cdym wieku.\" \/>\n<meta name=\"robots\" content=\"index, follow, max-snippet:-1, max-image-preview:large, max-video-preview:-1\" \/>\n<link rel=\"canonical\" href=\"https:\/\/pl.callie.com\/blog\/2026\/09\/04\/poradnik-prezentowy-dziecko-urodziny-wrzesien\/\" \/>\n<meta property=\"og:locale\" content=\"en_US\" \/>\n<meta property=\"og:type\" content=\"article\" \/>\n<meta property=\"og:title\" content=\"Top 8 Oryginalnych Prezent\u00f3w Urodzinowych dla Dzieci Urodzonych we Wrze\u015bniu - Dziel si\u0119 pomys\u0142ami na prezenty i u\u0142atwiaj dawanie rado\u015bci \u2013 Blog Callie\" \/>\n<meta property=\"og:description\" content=\"\u015awi\u0119tuj urodziny swojego dziecka urodzonego we wrze\u015bniu z naszym przewodnikiem po 8 oryginalnych, personalizowanych prezentach. Idealne dla ma\u0142ych Panien i Wag w ka\u017cdym wieku.\" \/>\n<meta property=\"og:url\" content=\"https:\/\/pl.callie.com\/blog\/2026\/09\/04\/poradnik-prezentowy-dziecko-urodziny-wrzesien\/\" \/>\n<meta property=\"og:site_name\" content=\"Dziel si\u0119 pomys\u0142ami na prezenty i u\u0142atwiaj dawanie rado\u015bci \u2013 Blog Callie\" \/>\n<meta property=\"article:published_time\" content=\"2026-09-04T08:12:23+00:00\" \/>\n<meta property=\"article:modified_time\" content=\"2026-09-02T08:17:22+00:00\" \/>\n<meta property=\"og:image\" content=\"https:\/\/pl.callie.com\/blog\/wp-content\/uploads\/2026\/09\/idee-cadeaux-septembre-enfant.jpg\" \/>\n\t<meta property=\"og:image:width\" content=\"1500\" \/>\n\t<meta property=\"og:image:height\" content=\"1000\" \/>\n\t<meta property=\"og:image:type\" content=\"image\/jpeg\" \/>\n<meta name=\"author\" content=\"Lucie\" \/>\n<meta name=\"twitter:card\" content=\"summary_large_image\" \/>\n<meta name=\"twitter:label1\" content=\"Written by\" \/>\n\t<meta name=\"twitter:data1\" content=\"Lucie\" \/>\n\t<meta name=\"twitter:label2\" content=\"Est. reading time\" \/>\n\t<meta name=\"twitter:data2\" content=\"9 minutes\" \/>\n<script type=\"application\/ld+json\" class=\"yoast-schema-graph\">{\"@context\":\"https:\/\/schema.org\",\"@graph\":[{\"@type\":\"WebPage\",\"@id\":\"https:\/\/pl.callie.com\/blog\/2026\/09\/04\/poradnik-prezentowy-dziecko-urodziny-wrzesien\/\",\"url\":\"https:\/\/pl.callie.com\/blog\/2026\/09\/04\/poradnik-prezentowy-dziecko-urodziny-wrzesien\/\",\"name\":\"Top 8 Oryginalnych Prezent\u00f3w Urodzinowych dla Dzieci Urodzonych we Wrze\u015bniu - Dziel si\u0119 pomys\u0142ami na prezenty i u\u0142atwiaj dawanie rado\u015bci \u2013 Blog Callie\",\"isPartOf\":{\"@id\":\"https:\/\/pl.callie.com\/blog\/#website\"},\"primaryImageOfPage\":{\"@id\":\"https:\/\/pl.callie.com\/blog\/2026\/09\/04\/poradnik-prezentowy-dziecko-urodziny-wrzesien\/#primaryimage\"},\"image\":{\"@id\":\"https:\/\/pl.callie.com\/blog\/2026\/09\/04\/poradnik-prezentowy-dziecko-urodziny-wrzesien\/#primaryimage\"},\"thumbnailUrl\":\"https:\/\/pl.callie.com\/blog\/wp-content\/uploads\/2026\/09\/idee-cadeaux-septembre-enfant.jpg\",\"datePublished\":\"2026-09-04T08:12:23+00:00\",\"dateModified\":\"2026-09-02T08:17:22+00:00\",\"author\":{\"@id\":\"https:\/\/pl.callie.com\/blog\/#\/schema\/person\/14aeb3206a9ec613d4d5c48be4944edf\"},\"description\":\"\u015awi\u0119tuj urodziny swojego dziecka urodzonego we wrze\u015bniu z naszym przewodnikiem po 8 oryginalnych, personalizowanych prezentach. Idealne dla ma\u0142ych Panien i Wag w ka\u017cdym wieku.\",\"breadcrumb\":{\"@id\":\"https:\/\/pl.callie.com\/blog\/2026\/09\/04\/poradnik-prezentowy-dziecko-urodziny-wrzesien\/#breadcrumb\"},\"inLanguage\":\"en-US\",\"potentialAction\":[{\"@type\":\"ReadAction\",\"target\":[\"https:\/\/pl.callie.com\/blog\/2026\/09\/04\/poradnik-prezentowy-dziecko-urodziny-wrzesien\/\"]}]},{\"@type\":\"ImageObject\",\"inLanguage\":\"en-US\",\"@id\":\"https:\/\/pl.callie.com\/blog\/2026\/09\/04\/poradnik-prezentowy-dziecko-urodziny-wrzesien\/#primaryimage\",\"url\":\"https:\/\/pl.callie.com\/blog\/wp-content\/uploads\/2026\/09\/idee-cadeaux-septembre-enfant.jpg\",\"contentUrl\":\"https:\/\/pl.callie.com\/blog\/wp-content\/uploads\/2026\/09\/idee-cadeaux-septembre-enfant.jpg\",\"width\":1500,\"height\":1000,\"caption\":\"Top 8 Oryginalnych Prezent\u00f3w Urodzinowych dla Dzieci Urodzonych we Wrze\u015bniu\"},{\"@type\":\"BreadcrumbList\",\"@id\":\"https:\/\/pl.callie.com\/blog\/2026\/09\/04\/poradnik-prezentowy-dziecko-urodziny-wrzesien\/#breadcrumb\",\"itemListElement\":[{\"@type\":\"ListItem\",\"position\":1,\"name\":\"Home\",\"item\":\"https:\/\/pl.callie.com\/blog\/\"},{\"@type\":\"ListItem\",\"position\":2,\"name\":\"Top 8 Oryginalnych Prezent\u00f3w Urodzinowych dla Dzieci Urodzonych we Wrze\u015bniu\"}]},{\"@type\":\"WebSite\",\"@id\":\"https:\/\/pl.callie.com\/blog\/#website\",\"url\":\"https:\/\/pl.callie.com\/blog\/\",\"name\":\"Dziel si\u0119 pomys\u0142ami na prezenty i u\u0142atwiaj dawanie rado\u015bci \u2013 Blog Callie\",\"description\":\"\",\"potentialAction\":[{\"@type\":\"SearchAction\",\"target\":{\"@type\":\"EntryPoint\",\"urlTemplate\":\"https:\/\/pl.callie.com\/blog\/?s={search_term_string}\"},\"query-input\":\"required name=search_term_string\"}],\"inLanguage\":\"en-US\"},{\"@type\":\"Person\",\"@id\":\"https:\/\/pl.callie.com\/blog\/#\/schema\/person\/14aeb3206a9ec613d4d5c48be4944edf\",\"name\":\"Lucie\",\"image\":{\"@type\":\"ImageObject\",\"inLanguage\":\"en-US\",\"@id\":\"https:\/\/pl.callie.com\/blog\/#\/schema\/person\/image\/\",\"url\":\"https:\/\/secure.gravatar.com\/avatar\/9e53cf4f4868374b21069305315acbbd?s=96&d=mm&r=g\",\"contentUrl\":\"https:\/\/secure.gravatar.com\/avatar\/9e53cf4f4868374b21069305315acbbd?s=96&d=mm&r=g\",\"caption\":\"Lucie\"},\"url\":\"https:\/\/pl.callie.com\/blog\/author\/lucie\/\"}]}<\/script>\n<!-- \/ Yoast SEO plugin. -->","yoast_head_json":{"title":"Top 8 Oryginalnych Prezent\u00f3w Urodzinowych dla Dzieci Urodzonych we Wrze\u015bniu - Dziel si\u0119 pomys\u0142ami na prezenty i u\u0142atwiaj dawanie rado\u015bci \u2013 Blog Callie","description":"\u015awi\u0119tuj urodziny swojego dziecka urodzonego we wrze\u015bniu z naszym przewodnikiem po 8 oryginalnych, personalizowanych prezentach. Idealne dla ma\u0142ych Panien i Wag w ka\u017cdym wieku.","robots":{"index":"index","follow":"follow","max-snippet":"max-snippet:-1","max-image-preview":"max-image-preview:large","max-video-preview":"max-video-preview:-1"},"canonical":"https:\/\/pl.callie.com\/blog\/2026\/09\/04\/poradnik-prezentowy-dziecko-urodziny-wrzesien\/","og_locale":"en_US","og_type":"article","og_title":"Top 8 Oryginalnych Prezent\u00f3w Urodzinowych dla Dzieci Urodzonych we Wrze\u015bniu - Dziel si\u0119 pomys\u0142ami na prezenty i u\u0142atwiaj dawanie rado\u015bci \u2013 Blog Callie","og_description":"\u015awi\u0119tuj urodziny swojego dziecka urodzonego we wrze\u015bniu z naszym przewodnikiem po 8 oryginalnych, personalizowanych prezentach. Idealne dla ma\u0142ych Panien i Wag w ka\u017cdym wieku.","og_url":"https:\/\/pl.callie.com\/blog\/2026\/09\/04\/poradnik-prezentowy-dziecko-urodziny-wrzesien\/","og_site_name":"Dziel si\u0119 pomys\u0142ami na prezenty i u\u0142atwiaj dawanie rado\u015bci \u2013 Blog Callie","article_published_time":"2026-09-04T08:12:23+00:00","article_modified_time":"2026-09-02T08:17:22+00:00","og_image":[{"width":1500,"height":1000,"url":"https:\/\/pl.callie.com\/blog\/wp-content\/uploads\/2026\/09\/idee-cadeaux-septembre-enfant.jpg","type":"image\/jpeg"}],"author":"Lucie","twitter_card":"summary_large_image","twitter_misc":{"Written by":"Lucie","Est. reading time":"9 minutes"},"schema":{"@context":"https:\/\/schema.org","@graph":[{"@type":"WebPage","@id":"https:\/\/pl.callie.com\/blog\/2026\/09\/04\/poradnik-prezentowy-dziecko-urodziny-wrzesien\/","url":"https:\/\/pl.callie.com\/blog\/2026\/09\/04\/poradnik-prezentowy-dziecko-urodziny-wrzesien\/","name":"Top 8 Oryginalnych Prezent\u00f3w Urodzinowych dla Dzieci Urodzonych we Wrze\u015bniu - Dziel si\u0119 pomys\u0142ami na prezenty i u\u0142atwiaj dawanie rado\u015bci \u2013 Blog Callie","isPartOf":{"@id":"https:\/\/pl.callie.com\/blog\/#website"},"primaryImageOfPage":{"@id":"https:\/\/pl.callie.com\/blog\/2026\/09\/04\/poradnik-prezentowy-dziecko-urodziny-wrzesien\/#primaryimage"},"image":{"@id":"https:\/\/pl.callie.com\/blog\/2026\/09\/04\/poradnik-prezentowy-dziecko-urodziny-wrzesien\/#primaryimage"},"thumbnailUrl":"https:\/\/pl.callie.com\/blog\/wp-content\/uploads\/2026\/09\/idee-cadeaux-septembre-enfant.jpg","datePublished":"2026-09-04T08:12:23+00:00","dateModified":"2026-09-02T08:17:22+00:00","author":{"@id":"https:\/\/pl.callie.com\/blog\/#\/schema\/person\/14aeb3206a9ec613d4d5c48be4944edf"},"description":"\u015awi\u0119tuj urodziny swojego dziecka urodzonego we wrze\u015bniu z naszym przewodnikiem po 8 oryginalnych, personalizowanych prezentach. Idealne dla ma\u0142ych Panien i Wag w ka\u017cdym wieku.","breadcrumb":{"@id":"https:\/\/pl.callie.com\/blog\/2026\/09\/04\/poradnik-prezentowy-dziecko-urodziny-wrzesien\/#breadcrumb"},"inLanguage":"en-US","potentialAction":[{"@type":"ReadAction","target":["https:\/\/pl.callie.com\/blog\/2026\/09\/04\/poradnik-prezentowy-dziecko-urodziny-wrzesien\/"]}]},{"@type":"ImageObject","inLanguage":"en-US","@id":"https:\/\/pl.callie.com\/blog\/2026\/09\/04\/poradnik-prezentowy-dziecko-urodziny-wrzesien\/#primaryimage","url":"https:\/\/pl.callie.com\/blog\/wp-content\/uploads\/2026\/09\/idee-cadeaux-septembre-enfant.jpg","contentUrl":"https:\/\/pl.callie.com\/blog\/wp-content\/uploads\/2026\/09\/idee-cadeaux-septembre-enfant.jpg","width":1500,"height":1000,"caption":"Top 8 Oryginalnych Prezent\u00f3w Urodzinowych dla Dzieci Urodzonych we Wrze\u015bniu"},{"@type":"BreadcrumbList","@id":"https:\/\/pl.callie.com\/blog\/2026\/09\/04\/poradnik-prezentowy-dziecko-urodziny-wrzesien\/#breadcrumb","itemListElement":[{"@type":"ListItem","position":1,"name":"Home","item":"https:\/\/pl.callie.com\/blog\/"},{"@type":"ListItem","position":2,"name":"Top 8 Oryginalnych Prezent\u00f3w Urodzinowych dla Dzieci Urodzonych we Wrze\u015bniu"}]},{"@type":"WebSite","@id":"https:\/\/pl.callie.com\/blog\/#website","url":"https:\/\/pl.callie.com\/blog\/","name":"Dziel si\u0119 pomys\u0142ami na prezenty i u\u0142atwiaj dawanie rado\u015bci \u2013 Blog Callie","description":"","potentialAction":[{"@type":"SearchAction","target":{"@type":"EntryPoint","urlTemplate":"https:\/\/pl.callie.com\/blog\/?s={search_term_string}"},"query-input":"required name=search_term_string"}],"inLanguage":"en-US"},{"@type":"Person","@id":"https:\/\/pl.callie.com\/blog\/#\/schema\/person\/14aeb3206a9ec613d4d5c48be4944edf","name":"Lucie","image":{"@type":"ImageObject","inLanguage":"en-US","@id":"https:\/\/pl.callie.com\/blog\/#\/schema\/person\/image\/","url":"https:\/\/secure.gravatar.com\/avatar\/9e53cf4f4868374b21069305315acbbd?s=96&d=mm&r=g","contentUrl":"https:\/\/secure.gravatar.com\/avatar\/9e53cf4f4868374b21069305315acbbd?s=96&d=mm&r=g","caption":"Lucie"},"url":"https:\/\/pl.callie.com\/blog\/author\/lucie\/"}]}},"_links":{"self":[{"href":"https:\/\/pl.callie.com\/blog\/wp-json\/wp\/v2\/posts\/211"}],"collection":[{"href":"https:\/\/pl.callie.com\/blog\/wp-json\/wp\/v2\/posts"}],"about":[{"href":"https:\/\/pl.callie.com\/blog\/wp-json\/wp\/v2\/types\/post"}],"author":[{"embeddable":true,"href":"https:\/\/pl.callie.com\/blog\/wp-json\/wp\/v2\/users\/4"}],"replies":[{"embeddable":true,"href":"https:\/\/pl.callie.com\/blog\/wp-json\/wp\/v2\/comments?post=211"}],"version-history":[{"count":1,"href":"https:\/\/pl.callie.com\/blog\/wp-json\/wp\/v2\/posts\/211\/revisions"}],"predecessor-version":[{"id":213,"href":"https:\/\/pl.callie.com\/blog\/wp-json\/wp\/v2\/posts\/211\/revisions\/213"}],"wp:featuredmedia":[{"embeddable":true,"href":"https:\/\/pl.callie.com\/blog\/wp-json\/wp\/v2\/media\/212"}],"wp:attachment":[{"href":"https:\/\/pl.callie.com\/blog\/wp-json\/wp\/v2\/media?parent=211"}],"wp:term":[{"taxonomy":"category","embeddable":true,"href":"https:\/\/pl.callie.com\/blog\/wp-json\/wp\/v2\/categories?post=211"},{"taxonomy":"post_tag","embeddable":true,"href":"https:\/\/pl.callie.com\/blog\/wp-json\/wp\/v2\/tags?post=211"}],"curies":[{"name":"wp","href":"https:\/\/api.w.org\/{rel}","templated":true}]}}